{"id":1004,"date":"2023-06-15T12:56:10","date_gmt":"2023-06-15T10:56:10","guid":{"rendered":"https:\/\/soprintendenzaluccaemassacarrara.cultura.gov.it\/?p=1004"},"modified":"2023-06-15T14:29:29","modified_gmt":"2023-06-15T12:29:29","slug":"concessione-per-luso-del-castello-malaspina-in-massa","status":"publish","type":"post","link":"https:\/\/soprintendenzaluccaemassacarrara.cultura.gov.it\/?p=1004","title":{"rendered":"CONCESSIONE PER L\u2019USO DEL CASTELLO MALASPINA IN MASSA"},"content":{"rendered":"<h4>Concessione per l&#8217;uso del Castello Malaspina<\/h4>\n<p>La Soprintendenza Archeologia Belle Arti e Paesaggio per le province di Lucca e Massa Carrara ed il Comune di Massa il 23\/05\/2023 hanno stipulato un <a href=\"http:\/\/soprintendenzaluccaemassacarrara.cultura.gov.it\/wp-content\/uploads\/2023\/06\/Allegato_a_concessione__castello_malaspina_pdf-signed_signed.pdf\">accordo,<\/a> ai sensi dell&#8217;art. 106 del D.Lgs. n. 42\/2004, per la concessione d&#8217;uso\u00a0 del Castello Malaspina, affinch\u00e9 ne sia assicurata la buona conservazione, la pubblica accessibilit\u00e0 nonch\u00e8 la valorizzazione culturale.<\/p>\n","protected":false},"excerpt":{"rendered":"<p>Concessione per l&#8217;uso del Castello Malaspina La Soprintendenza Archeologia Belle Arti e Paesaggio per le province di Lucca e Massa Carrara ed il Comune di Massa il 23\/05\/2023 hanno stipulato un accordo, ai sensi dell&#8217;art.<\/p>\n","protected":false},"author":1,"featured_media":953,"comment_status":"closed","ping_status":"closed","sticky":false,"template":"","format":"standard","meta":{"iawp_total_views":32,"footnotes":""},"categories":[11],"tags":[],"class_list":["post-1004","post","type-post","status-publish","format-standard","has-post-thumbnail","hentry","category-accordi"],"_links":{"self":[{"href":"https:\/\/soprintendenzaluccaemassacarrara.cultura.gov.it\/index.php?rest_route=\/wp\/v2\/posts\/1004","targetHints":{"allow":["GET"]}}],"collection":[{"href":"https:\/\/soprintendenzaluccaemassacarrara.cultura.gov.it\/index.php?rest_route=\/wp\/v2\/posts"}],"about":[{"href":"https:\/\/soprintendenzaluccaemassacarrara.cultura.gov.it\/index.php?rest_route=\/wp\/v2\/types\/post"}],"author":[{"embeddable":true,"href":"https:\/\/soprintendenzaluccaemassacarrara.cultura.gov.it\/index.php?rest_route=\/wp\/v2\/users\/1"}],"replies":[{"embeddable":true,"href":"https:\/\/soprintendenzaluccaemassacarrara.cultura.gov.it\/index.php?rest_route=%2Fwp%2Fv2%2Fcomments&post=1004"}],"version-history":[{"count":4,"href":"https:\/\/soprintendenzaluccaemassacarrara.cultura.gov.it\/index.php?rest_route=\/wp\/v2\/posts\/1004\/revisions"}],"predecessor-version":[{"id":1009,"href":"https:\/\/soprintendenzaluccaemassacarrara.cultura.gov.it\/index.php?rest_route=\/wp\/v2\/posts\/1004\/revisions\/1009"}],"wp:featuredmedia":[{"embeddable":true,"href":"https:\/\/soprintendenzaluccaemassacarrara.cultura.gov.it\/index.php?rest_route=\/wp\/v2\/media\/953"}],"wp:attachment":[{"href":"https:\/\/soprintendenzaluccaemassacarrara.cultura.gov.it\/index.php?rest_route=%2Fwp%2Fv2%2Fmedia&parent=1004"}],"wp:term":[{"taxonomy":"category","embeddable":true,"href":"https:\/\/soprintendenzaluccaemassacarrara.cultura.gov.it\/index.php?rest_route=%2Fwp%2Fv2%2Fcategories&post=1004"},{"taxonomy":"post_tag","embeddable":true,"href":"https:\/\/soprintendenzaluccaemassacarrara.cultura.gov.it\/index.php?rest_route=%2Fwp%2Fv2%2Ftags&post=1004"}],"curies":[{"name":"wp","href":"https:\/\/api.w.org\/{rel}","templated":true}]}}