{"id":1124,"date":"2024-01-25T10:29:34","date_gmt":"2024-01-25T09:29:34","guid":{"rendered":"https:\/\/soprintendenzaluccaemassacarrara.cultura.gov.it\/?p=1124"},"modified":"2024-01-25T10:55:31","modified_gmt":"2024-01-25T09:55:31","slug":"cronaca-etrusca-una-casa-alluvionata-in-localita-frizzone-vi-v-sec-a-c","status":"publish","type":"post","link":"https:\/\/soprintendenzaluccaemassacarrara.cultura.gov.it\/?p=1124","title":{"rendered":"Cronaca Etrusca : una casa alluvionata in localit\u00e0 Frizzone VI-V sec. a.C."},"content":{"rendered":"<p><img loading=\"lazy\" decoding=\"async\" class=\"aligncenter wp-image-1126\" src=\"http:\/\/soprintendenzaluccaemassacarrara.cultura.gov.it\/wp-content\/uploads\/2024\/01\/LOCANDINA-MOSTRA-WEB-208x300.png\" alt=\"\" width=\"350\" height=\"506\" srcset=\"https:\/\/soprintendenzaluccaemassacarrara.cultura.gov.it\/wp-content\/uploads\/2024\/01\/LOCANDINA-MOSTRA-WEB-208x300.png 208w, https:\/\/soprintendenzaluccaemassacarrara.cultura.gov.it\/wp-content\/uploads\/2024\/01\/LOCANDINA-MOSTRA-WEB-709x1024.png 709w, https:\/\/soprintendenzaluccaemassacarrara.cultura.gov.it\/wp-content\/uploads\/2024\/01\/LOCANDINA-MOSTRA-WEB-768x1109.png 768w, https:\/\/soprintendenzaluccaemassacarrara.cultura.gov.it\/wp-content\/uploads\/2024\/01\/LOCANDINA-MOSTRA-WEB-1063x1536.png 1063w, https:\/\/soprintendenzaluccaemassacarrara.cultura.gov.it\/wp-content\/uploads\/2024\/01\/LOCANDINA-MOSTRA-WEB.png 1350w\" sizes=\"auto, (max-width: 350px) 100vw, 350px\" \/><\/p>\n<p>&nbsp;<\/p>\n<p>Tegole di un tetto crollato, contenitori e coperchi di una dispensa devastata, frammenti di anfore, il tutto immerso nel limo lasciato dall\u2019esondazione: nel 2019 durante i lavori di archeologia preventiva per l\u2019installazione di un gasdotto in loc. Frizzone sono emersi i resti di un\u2019abitazione etrusca, spazzata via da una antica alluvione dell\u2019Auser.<\/p>\n<p>Dallo scavo fino ai particolari del delicato restauro, la mostra, curata dalla Soprintendenza ABAP di Lucca e Massa Carrara in collaborazione con il Comune di Capannori, illustra non solo le fasi storiche dell\u2019abitato, ma anche il metodo della ricerca e della ricostruzione dei reperti, invitando il visitatore a partecipare a quegli aspetti del lavoro archeologico che spesso restano \u201cin secondo piano\u201d nella condivisione con il pubblico.<\/p>\n<p>L\u2019esposizione sar\u00e0 inaugurata il 2 febbraio e rester\u00e0 aperta fino al 30 aprile, seguendo gli orari di apertura al pubblico del Municipio di Capannori (dal luned\u00ec al venerd\u00ec, dalle 9:00 alle 19:00), con possibilit\u00e0 di prenotare visite guidate da un archeologo per gruppi di almeno10 persone (scolastici e non), chiamando il numero 0583 428211 o scrivendo a sindaco@comune.capannori.lu.it<\/p>\n<p>&nbsp;<\/p>\n<p>&nbsp;<\/p>\n<p>&nbsp;<\/p>\n","protected":false},"excerpt":{"rendered":"<p>&nbsp; Tegole di un tetto crollato, contenitori e coperchi di una dispensa devastata, frammenti di anfore, il tutto immerso nel limo lasciato dall\u2019esondazione: nel 2019 durante i lavori di archeologia preventiva per l\u2019installazione di un gasdotto in loc.<\/p>\n","protected":false},"author":1,"featured_media":1130,"comment_status":"closed","ping_status":"closed","sticky":false,"template":"","format":"standard","meta":{"iawp_total_views":10,"footnotes":""},"categories":[1],"tags":[],"class_list":["post-1124","post","type-post","status-publish","format-standard","has-post-thumbnail","hentry","category-news"],"_links":{"self":[{"href":"https:\/\/soprintendenzaluccaemassacarrara.cultura.gov.it\/index.php?rest_route=\/wp\/v2\/posts\/1124","targetHints":{"allow":["GET"]}}],"collection":[{"href":"https:\/\/soprintendenzaluccaemassacarrara.cultura.gov.it\/index.php?rest_route=\/wp\/v2\/posts"}],"about":[{"href":"https:\/\/soprintendenzaluccaemassacarrara.cultura.gov.it\/index.php?rest_route=\/wp\/v2\/types\/post"}],"author":[{"embeddable":true,"href":"https:\/\/soprintendenzaluccaemassacarrara.cultura.gov.it\/index.php?rest_route=\/wp\/v2\/users\/1"}],"replies":[{"embeddable":true,"href":"https:\/\/soprintendenzaluccaemassacarrara.cultura.gov.it\/index.php?rest_route=%2Fwp%2Fv2%2Fcomments&post=1124"}],"version-history":[{"count":3,"href":"https:\/\/soprintendenzaluccaemassacarrara.cultura.gov.it\/index.php?rest_route=\/wp\/v2\/posts\/1124\/revisions"}],"predecessor-version":[{"id":1132,"href":"https:\/\/soprintendenzaluccaemassacarrara.cultura.gov.it\/index.php?rest_route=\/wp\/v2\/posts\/1124\/revisions\/1132"}],"wp:featuredmedia":[{"embeddable":true,"href":"https:\/\/soprintendenzaluccaemassacarrara.cultura.gov.it\/index.php?rest_route=\/wp\/v2\/media\/1130"}],"wp:attachment":[{"href":"https:\/\/soprintendenzaluccaemassacarrara.cultura.gov.it\/index.php?rest_route=%2Fwp%2Fv2%2Fmedia&parent=1124"}],"wp:term":[{"taxonomy":"category","embeddable":true,"href":"https:\/\/soprintendenzaluccaemassacarrara.cultura.gov.it\/index.php?rest_route=%2Fwp%2Fv2%2Fcategories&post=1124"},{"taxonomy":"post_tag","embeddable":true,"href":"https:\/\/soprintendenzaluccaemassacarrara.cultura.gov.it\/index.php?rest_route=%2Fwp%2Fv2%2Ftags&post=1124"}],"curies":[{"name":"wp","href":"https:\/\/api.w.org\/{rel}","templated":true}]}}