{"id":1173,"date":"2024-04-15T10:22:28","date_gmt":"2024-04-15T08:22:28","guid":{"rendered":"https:\/\/soprintendenzaluccaemassacarrara.cultura.gov.it\/?p=1173"},"modified":"2024-04-15T11:34:13","modified_gmt":"2024-04-15T09:34:13","slug":"romana-marmora-storie-di-imperatori-dei-e-cavatori","status":"publish","type":"post","link":"https:\/\/soprintendenzaluccaemassacarrara.cultura.gov.it\/?p=1173","title":{"rendered":"ROMANA MARMORA Storie di imperatori, dei e cavatori"},"content":{"rendered":"<p><img loading=\"lazy\" decoding=\"async\" class=\"aligncenter wp-image-1175 size-medium\" src=\"http:\/\/soprintendenzaluccaemassacarrara.cultura.gov.it\/wp-content\/uploads\/2024\/04\/Fossacava-IG-1080x1080-1-300x300.jpg\" alt=\"\" width=\"300\" height=\"300\" srcset=\"https:\/\/soprintendenzaluccaemassacarrara.cultura.gov.it\/wp-content\/uploads\/2024\/04\/Fossacava-IG-1080x1080-1-300x300.jpg 300w, https:\/\/soprintendenzaluccaemassacarrara.cultura.gov.it\/wp-content\/uploads\/2024\/04\/Fossacava-IG-1080x1080-1-1024x1024.jpg 1024w, https:\/\/soprintendenzaluccaemassacarrara.cultura.gov.it\/wp-content\/uploads\/2024\/04\/Fossacava-IG-1080x1080-1-150x150.jpg 150w, https:\/\/soprintendenzaluccaemassacarrara.cultura.gov.it\/wp-content\/uploads\/2024\/04\/Fossacava-IG-1080x1080-1-768x768.jpg 768w, https:\/\/soprintendenzaluccaemassacarrara.cultura.gov.it\/wp-content\/uploads\/2024\/04\/Fossacava-IG-1080x1080-1-1536x1536.jpg 1536w, https:\/\/soprintendenzaluccaemassacarrara.cultura.gov.it\/wp-content\/uploads\/2024\/04\/Fossacava-IG-1080x1080-1-2048x2048.jpg 2048w, https:\/\/soprintendenzaluccaemassacarrara.cultura.gov.it\/wp-content\/uploads\/2024\/04\/Fossacava-IG-1080x1080-1-80x80.jpg 80w, https:\/\/soprintendenzaluccaemassacarrara.cultura.gov.it\/wp-content\/uploads\/2024\/04\/Fossacava-IG-1080x1080-1-512x512.jpg 512w\" sizes=\"auto, (max-width: 300px) 100vw, 300px\" \/><\/p>\n<p><strong>CARMI museo CARRARA e Michelangelo, Carrara (MS)<\/strong><\/p>\n<p><strong>25 maggio 2024 \u2013 12 gennaio 2025<\/strong><\/p>\n<p>&nbsp;<\/p>\n<p><strong>ROMANA MARMORA<\/strong><\/p>\n<p><strong><em>Storie di imperatori, dei e cavatori<\/em><\/strong><\/p>\n<p>a cura di Stefano Genovesi e Giulia Picchi<\/p>\n<p>&nbsp;<\/p>\n<p><strong>preview stampa: gioved\u00ec 23 maggio, ore 11.30<\/strong><\/p>\n<p><strong>inaugurazione: sabato 25 maggio, ore 18.00<\/strong><\/p>\n<p>&nbsp;<\/p>\n<p>S\u2019intitola<strong><em> Romana marmora. Storie di imperatori, dei e cavatori<\/em><\/strong> la grande mostra dedicata alla cava romana di marmo bardiglio di <strong>Fossacava<\/strong> e al suo ruolo all\u2019interno del pi\u00f9 ampio e noto fenomeno dell\u2019estrazione del marmo lunense, in programma <strong>dal 25 maggio 2024 al 12 gennaio 2025 <\/strong>al<strong> CARMI museo CARRARA e Michelangelo<\/strong>.<\/p>\n<p>Promossa dal <strong>Comune di Carrara<\/strong> e dalla <strong>Soprintendenza ABAP per le Province di Lucca e Massa Carrara<\/strong>, con il sostegno della <strong>Fondazione Cassa di risparmio di Carrara<\/strong>, l\u2019esposizione \u00e8 curata da <strong>Giulia Picchi<\/strong>, funzionario archeologo Soprintendenza ABAP per le Province di Lucca e Massa Carrara, e da <strong>Stefano Genovesi<\/strong>, direttore del Museo del marmo di Carrara e dell\u2019Area archeologica di Fossacava.<\/p>\n<p>\u00abNell\u2019estate 2024 \u2013 dichiara <strong>Gea Dazzi<\/strong>, assessore alla Cultura \u2013 Carrara mette in mostra il suo passato e il suo presente attraverso due eventi di grande rilievo: da un lato <em>Romana marmora<\/em>, e quindi la tradizione della lavorazione artistica del marmo, che connota la citt\u00e0 da 2.000 anni, dall\u2019altro <em>White Carrara<\/em>, ovvero il presente del marmo, con opere iconiche realizzate da designer contemporanei\u00bb.<\/p>\n<p>\u00abI vecchi ritrovamenti e i dati dello scavo recente hanno reso Fossacava una delle cave di et\u00e0 romana oggi meglio conosciute\u00bb, spiegano i curatori <strong>Giulia Picchi<\/strong> e <strong>Stefano Genovesi<\/strong>. \u00abL\u2019apertura al pubblico, avvenuta nel 2021, ha fatto registrare una presenza annuale di 10.000 visitatori, che ha confermato lo straordinario interesse per questo sito. Con la mostra<em> Romana marmora<\/em> si \u00e8 voluto consolidare e ulteriormente rilanciare questo <em>trend<\/em> positivo creando, attorno alla cava, un evento che raccontasse ad un pubblico pi\u00f9 ampio possibile la storia del sito e dei personaggi che vi ruotavano attorno. Gli imperatori di Roma, i loro schiavi e i loro liberti, gli appaltatori, i commercianti, e, ovviamente, i cavatori sono gli attori di un copione di grande fascino, nel quale la fatica e il sacrificio di molti uomini sono indissolubilmente legati alla propaganda politica e al lusso che il marmo era in grado di esprimere\u00bb.<\/p>\n<p>Il sito di<strong> Fossacava<\/strong> \u00e8 tra le pochissime cave di et\u00e0 romana ad essere stato oggetto di uno scavo archeologico stratigrafico; le indagini, condotte nel 2015 dal Comune di Carrara e dalla Soprintendenza Archeologica della Toscana all\u2019interno del bacino estrattivo, hanno permesso di ricostruire la storia della cava in tutti i suoi aspetti, in particolare in merito alla tipologia dei prodotti semilavorati che qui venivano estratti, del personale che vi lavorava e delle modalit\u00e0 con le quali la cava era gestita dall\u2019amministrazione imperiale romana.<\/p>\n<p>Nel 2021 il sito di Fossacava \u00e8 stato aperto al pubblico con un percorso ampliato e rinnovato, incentrato su un <em>graphic novel<\/em> che illustra ai visitatori di ogni et\u00e0 la storia della cava in modo avvincente ed efficace. L\u2019esposizione <em>Romana marmora. Storie di imperatori, dei e cavatori<\/em> intende, quindi, presentare ad un pubblico ancora pi\u00f9 vasto la vicenda storica del sito, conferendogli un rilievo di respiro regionale e nazionale.<\/p>\n<p>Partendo dalla storia della colonia di Luni, nel cui territorio si trovavano le cave di Carrara, si approfondiranno i temi delle antiche tecniche estrattive, dei prodotti semilavorati e della gestione delle cave, si mostreranno i diversi utilizzi del marmo bardiglio e la loro diffusione nell\u2019ambito dell\u2019Impero Romano, oltre a gettare uno sguardo sulla religiosit\u00e0 di quanti frequentavano i bacini estrattivi.<\/p>\n<p>Il percorso espositivo si articoler\u00e0 in <strong>quattro sezioni<\/strong>: <em>Luni e le sue cave di marmo<\/em> (sala 1), <em>Fossacava. Storia di una cava, dall\u2019et\u00e0 romana allo scavo archeologico<\/em> (Sala 2), <em>Gli d\u00e8i dei cavatori. La religione a Fossacava<\/em> (Sala 3), <em>La fortuna del bardiglio nell\u2019Impero<\/em> (Sala 4),<\/p>\n<p>La <strong>Sala 1<\/strong> \u00e8 dedicata alla storia della colonia romana di Luni e a quella dell\u2019estrazione del marmo lunense, tra la seconda met\u00e0 del I secolo a.C. e il III-IV secolo d.C. Sar\u00e0 inoltre posto in rilievo il ruolo determinante dell\u2019imperatore, primo tra tutti Augusto, nello sviluppo dello sfruttamento delle cave di marmo di Carrara. Opera centrale della sala sar\u00e0 la <strong>statua loricata di imperatore<\/strong> rinvenuta negli scavi Fabbricotti a Luni del 1889, in prestito dall\u2019Accademia di Belle Arti di Carrara.<\/p>\n<p>La <strong>Sala 2<\/strong> \u00e8 incentrata sul sito di Fossacava, del quale sar\u00e0 raccontata la storia, dall\u2019escavazione del marmo bardiglio in et\u00e0 romana fino allo scavo archeologico qui condotto nel 2015. Saranno messe a fuoco in particolare le tecniche di scavo, con l\u2019esposizione di strumenti antichi, e le problematiche relative alla gestione delle cave da parte dello stato romano.<\/p>\n<p>La <strong>Sala 3<\/strong> \u00e8 dedicata alla religiosit\u00e0 dei cavatori e degli altri personaggi che popolavano le cave di marmo di Carrara in et\u00e0 romana: grande risalto sar\u00e0 dato alla <strong>statua della dea Luna<\/strong> rinvenuta a Fossacava, verosimilmente una replica della statua di culto del cosiddetto \u201cGrande Tempio\u201d di Luni. Nella sala saranno esposti inoltre l\u2019altare dedicato alla <em>Mens Bona<\/em>, in prestito dall\u2019Accademia di Belle Arti di Carrara, e un rilievo raffigurante il dio Silvano, il cui culto \u00e8 molto attestato negli ambienti delle cave, proveniente da una <em>domus<\/em> di Luni e in prestito dal Museo archeologico nazionale di Luni.<\/p>\n<p>La <strong>Sala<\/strong> <strong>4<\/strong> narra infine al visitatore la diffusione del marmo bardiglio a Roma, nelle citt\u00e0 dell\u2019Italia e delle province e in quali tipi di edifici e strutture esso sia stato utilizzato: sar\u00e0 approfondito, in particolare, il suo impiego per i colonnati dei palcoscenici dei teatri e per la realizzazione di fontane (<em>labra<\/em>). L\u2019allestimento di alcuni semilavorati e di altri reperti in marmo bardiglio illustrer\u00e0 i diversi usi di questa variet\u00e0 di marmo. Uno spazio sar\u00e0 inoltre dedicato ad un progetto di archeologia sperimentale condotto con l\u2019Accademia di Belle Arti di Carrara, nell\u2019ambito del quale saranno scolpite, dagli studenti e dal personale docente, delle repliche in marmo di un semilavorato in marmo bardiglio e di un labrum finito.<\/p>\n<p>L\u2019evento espositivo sar\u00e0 accompagnato da un <strong>apparato didattico<\/strong> dispiegato lungo il percorso di visita (pannelli, didascalie, grandi disegni di ricostruzione, video tematici). All\u2019interno di quest\u2019ultimo, sar\u00e0 inoltre inserito uno <strong><em>storytelling<\/em> dedicato ai bambini<\/strong>, nel quale uno dei personaggi attestati dalle epigrafi apposte sui blocchi semilavorati di Fossacava racconter\u00e0 la propria storia, coinvolgendo i piccoli visitatori in una caccia al tesoro. La mostra potr\u00e0 essere inoltre fruita per mezzo di <strong>laboratori e visite guidate rivolte alle scuole<\/strong> e per mezzo di iniziative, quali visite <strong>guidate in orario di apertura e in notturna<\/strong> e <strong>conferenze a tema<\/strong>, rivolte al pubblico degli adulti.<\/p>\n<p>Il CARMI museo CARRARA e Michelangelo \u00e8 aperto al pubblico fino al 31 maggio da marted\u00ec a domenica ore 9.00-12.00 e 14.00-17.00, dal 1 giugno da marted\u00ec a domenica ore 9.30-12.30 e 17.00-20.00, chiuso il luned\u00ec, chiuso 1\u00b0 novembre, 25-26 dicembre, 1\u00b0 gennaio, 6 gennaio, nei pomeriggi del 24 e del 31 dicembre, nel pomeriggio del 14 agosto. Ingresso al CARMI (comprensivo della visita alla mostra): intero \u20ac 5, ridotto \u20ac 3, disponibili gratuit\u00e0. Per informazioni: M. +39 335 1047450, <a href=\"mailto:museo.carmi@comune.carrara.ms.it\">museo.carmi@comune.carrara.ms.it<\/a>, <a href=\"https:\/\/carmi.museocarraraemichelangelo.it\">https:\/\/carmi.museocarraraemichelangelo.it<\/a>.<\/p>\n<p>&nbsp;<\/p>\n<p><strong>Si ringraziano i prestatori: <\/strong><\/p>\n<p>Accademia di Belle Arti di Carrara<\/p>\n<p>Collezione Giorgio Vanelli, presso Villa Dervill\u00e9 di Carrara<\/p>\n<p>Comune della Spezia &#8211; Museo Archeologico \u201cUbaldo Formentini\u201d<\/p>\n<p>Direzione Regionale Musei Liguria &#8211; Museo Archeologico Nazionale e Parco archeologico di Luni<\/p>\n<p>Soprintendenza Archeologia, Belle Arti e Paesaggio per le province di Lucca e Massa Carrara<\/p>\n<p>&nbsp;<\/p>\n<p>INFORMAZIONI<\/p>\n<p><strong>CARMI museo CARRARA e Michelangelo<\/strong><\/p>\n<p>Via Sorgnano 42, 54033 Carrara<\/p>\n<ol>\n<li>+39 335 1047450<\/li>\n<\/ol>\n<p><a href=\"mailto:museo.carmi@comune.carrara.ms.it\">museo.carmi@comune.carrara.ms.it<\/a><\/p>\n<p><a href=\"https:\/\/carmi.museocarraraemichelangelo.it\">https:\/\/carmi.museocarraraemichelangelo.it<\/a><\/p>\n<p><a href=\"https:\/\/www.facebook.com\/carmimuseocarrara\">https:\/\/www.facebook.com\/carmimuseocarrara<\/a><\/p>\n<p><a href=\"https:\/\/www.instagram.com\/museo_carmi\/\">https:\/\/www.instagram.com\/museo_carmi\/<\/a><\/p>\n<p>&nbsp;<\/p>\n<p>UFFICI STAMPA<\/p>\n<p><strong>RPpress<\/strong><\/p>\n<p><a href=\"mailto:press@rp-press.it\">press@rp-press.it<\/a> | <a href=\"http:\/\/www.rp-press.it\">www.rp-press.it<\/a><\/p>\n<p><strong>CSArt \u2013 Comunicazione per l\u2019Arte<\/strong><\/p>\n<ol>\n<li>+39 0522 1715142 | M. +39 348 7025100 | <a href=\"mailto:info@csart.it\">info@csart.it<\/a> | <a href=\"http:\/\/www.csart.it\">www.csart.it<\/a><\/li>\n<\/ol>\n","protected":false},"excerpt":{"rendered":"<p>CARMI museo CARRARA e Michelangelo, Carrara (MS) 25 maggio 2024 \u2013 12 gennaio 2025 &nbsp; ROMANA MARMORA Storie di imperatori, dei e cavatori a cura di Stefano Genovesi e Giulia Picchi &nbsp; preview stampa: gioved\u00ec 23 maggio, ore 11.<\/p>\n","protected":false},"author":1,"featured_media":1179,"comment_status":"closed","ping_status":"closed","sticky":false,"template":"","format":"standard","meta":{"iawp_total_views":259,"footnotes":""},"categories":[7,1],"tags":[],"class_list":["post-1173","post","type-post","status-publish","format-standard","has-post-thumbnail","hentry","category-avvisi","category-news"],"_links":{"self":[{"href":"https:\/\/soprintendenzaluccaemassacarrara.cultura.gov.it\/index.php?rest_route=\/wp\/v2\/posts\/1173","targetHints":{"allow":["GET"]}}],"collection":[{"href":"https:\/\/soprintendenzaluccaemassacarrara.cultura.gov.it\/index.php?rest_route=\/wp\/v2\/posts"}],"about":[{"href":"https:\/\/soprintendenzaluccaemassacarrara.cultura.gov.it\/index.php?rest_route=\/wp\/v2\/types\/post"}],"author":[{"embeddable":true,"href":"https:\/\/soprintendenzaluccaemassacarrara.cultura.gov.it\/index.php?rest_route=\/wp\/v2\/users\/1"}],"replies":[{"embeddable":true,"href":"https:\/\/soprintendenzaluccaemassacarrara.cultura.gov.it\/index.php?rest_route=%2Fwp%2Fv2%2Fcomments&post=1173"}],"version-history":[{"count":3,"href":"https:\/\/soprintendenzaluccaemassacarrara.cultura.gov.it\/index.php?rest_route=\/wp\/v2\/posts\/1173\/revisions"}],"predecessor-version":[{"id":1181,"href":"https:\/\/soprintendenzaluccaemassacarrara.cultura.gov.it\/index.php?rest_route=\/wp\/v2\/posts\/1173\/revisions\/1181"}],"wp:featuredmedia":[{"embeddable":true,"href":"https:\/\/soprintendenzaluccaemassacarrara.cultura.gov.it\/index.php?rest_route=\/wp\/v2\/media\/1179"}],"wp:attachment":[{"href":"https:\/\/soprintendenzaluccaemassacarrara.cultura.gov.it\/index.php?rest_route=%2Fwp%2Fv2%2Fmedia&parent=1173"}],"wp:term":[{"taxonomy":"category","embeddable":true,"href":"https:\/\/soprintendenzaluccaemassacarrara.cultura.gov.it\/index.php?rest_route=%2Fwp%2Fv2%2Fcategories&post=1173"},{"taxonomy":"post_tag","embeddable":true,"href":"https:\/\/soprintendenzaluccaemassacarrara.cultura.gov.it\/index.php?rest_route=%2Fwp%2Fv2%2Ftags&post=1173"}],"curies":[{"name":"wp","href":"https:\/\/api.w.org\/{rel}","templated":true}]}}