{"id":1377,"date":"2024-10-11T10:00:33","date_gmt":"2024-10-11T08:00:33","guid":{"rendered":"https:\/\/soprintendenzaluccaemassacarrara.cultura.gov.it\/?p=1377"},"modified":"2025-05-22T11:52:10","modified_gmt":"2025-05-22T09:52:10","slug":"lucchio-scavo","status":"publish","type":"post","link":"https:\/\/soprintendenzaluccaemassacarrara.cultura.gov.it\/?p=1377","title":{"rendered":"Lucchio scavo"},"content":{"rendered":"<p><img loading=\"lazy\" decoding=\"async\" class=\"aligncenter wp-image-1379 size-full\" src=\"http:\/\/soprintendenzaluccaemassacarrara.cultura.gov.it\/wp-content\/uploads\/2024\/10\/IMG_5447-scaled.jpg\" alt=\"\" width=\"2560\" height=\"1920\" srcset=\"https:\/\/soprintendenzaluccaemassacarrara.cultura.gov.it\/wp-content\/uploads\/2024\/10\/IMG_5447-scaled.jpg 2560w, https:\/\/soprintendenzaluccaemassacarrara.cultura.gov.it\/wp-content\/uploads\/2024\/10\/IMG_5447-300x225.jpg 300w, https:\/\/soprintendenzaluccaemassacarrara.cultura.gov.it\/wp-content\/uploads\/2024\/10\/IMG_5447-1024x768.jpg 1024w, https:\/\/soprintendenzaluccaemassacarrara.cultura.gov.it\/wp-content\/uploads\/2024\/10\/IMG_5447-768x576.jpg 768w, https:\/\/soprintendenzaluccaemassacarrara.cultura.gov.it\/wp-content\/uploads\/2024\/10\/IMG_5447-1536x1152.jpg 1536w, https:\/\/soprintendenzaluccaemassacarrara.cultura.gov.it\/wp-content\/uploads\/2024\/10\/IMG_5447-2048x1536.jpg 2048w\" sizes=\"auto, (max-width: 2560px) 100vw, 2560px\" \/><\/p>\n<p>Nel 2019, dopo una segnalazione da parte dell\u2019associazione \u201cLucchio Ambiente\u201d di alcune ossa umane all\u2019interno della Rocca di Lucchio, la <strong>Soprintendenza Archeologia, Belle Arti e Paesaggio per le province di Lucca e Massa Carrara <\/strong>ha effettuato un primo sopralluogo al sito, a esito del quale si \u00e8 deciso di procedere con alcuni sondaggi archeologici in collaborazione con il <strong>Dipartimento di Civilt\u00e0 e Forme del Sapere dell\u2019Universit\u00e0 di Pisa<\/strong>.<\/p>\n<p>All\u2019iniziativa hanno partecipato otto studenti con due supervisori, a cui l\u2019associazione \u201cLucchio Ambiente\u201d ha offerto vitto e alloggio. Sono stati effettuati due saggi, che non avevano il fine di studiare l\u2019interezza della rocca, ma di valutare il potenziale archeologico presente nel sito e determinare le possibili attivit\u00e0 future (messa in sicurezza, restauro\u2026). Si \u00e8 potuto studiare il paramento murario dell\u2019elevato e sono stati trovati elementi ceramici risalenti in un periodo compreso fra il XV e il XX secolo.<\/p>\n<p>Entrambi i sondaggi hanno raggiunto le fasi di fine XV \u2013 inizio XVI secolo, purtroppo non il periodo storico in cui la Rocca \u00e8 stata maggiormente utilizzata. \u00c8 emerso inoltre lo stato di grave degrado dei resti di murature, infatti la fortificazione \u00e8 rimasta in abbandono fra il XIX e il XX secolo e agli inizi del \u2018900 l\u2019interno della rocca \u00e8 stato impiegato per degli orti. Gli scavi non sono potuti proseguire oltre in quanto sono sorte difficolt\u00e0 tecniche e logistiche.<\/p>\n<p>Proprio per questo motivo, la Soprintendenza Archeologia, Belle Arti e Paesaggio per le province di Lucca e Massa Carrara \u00e8 intenzionata a proseguire gli scavi archeologici una volta messa in sicurezza l\u2019area a opera di Formento Restauri, grazie al finanziamento del Ministero della Cultura.<\/p>\n<p>A cura di Federica Perrotta, con il contributo della Dott.ssa Letizia Chiti (supervisione di Neva Chiarenza)<\/p>\n<p><img loading=\"lazy\" decoding=\"async\" class=\"aligncenter wp-image-1381 size-large\" src=\"http:\/\/soprintendenzaluccaemassacarrara.cultura.gov.it\/wp-content\/uploads\/2024\/10\/DSCN6620-1024x768.jpg\" alt=\"\" width=\"1024\" height=\"768\" srcset=\"https:\/\/soprintendenzaluccaemassacarrara.cultura.gov.it\/wp-content\/uploads\/2024\/10\/DSCN6620-1024x768.jpg 1024w, https:\/\/soprintendenzaluccaemassacarrara.cultura.gov.it\/wp-content\/uploads\/2024\/10\/DSCN6620-300x225.jpg 300w, https:\/\/soprintendenzaluccaemassacarrara.cultura.gov.it\/wp-content\/uploads\/2024\/10\/DSCN6620-768x576.jpg 768w, https:\/\/soprintendenzaluccaemassacarrara.cultura.gov.it\/wp-content\/uploads\/2024\/10\/DSCN6620-1536x1152.jpg 1536w, https:\/\/soprintendenzaluccaemassacarrara.cultura.gov.it\/wp-content\/uploads\/2024\/10\/DSCN6620-2048x1536.jpg 2048w\" sizes=\"auto, (max-width: 1024px) 100vw, 1024px\" \/> \u00a0\u00a0 \u00a0 \u00a0 <img loading=\"lazy\" decoding=\"async\" class=\"aligncenter wp-image-1380 size-large\" src=\"http:\/\/soprintendenzaluccaemassacarrara.cultura.gov.it\/wp-content\/uploads\/2024\/10\/IMG_6918-1024x683.jpg\" alt=\"\" width=\"1024\" height=\"683\" srcset=\"https:\/\/soprintendenzaluccaemassacarrara.cultura.gov.it\/wp-content\/uploads\/2024\/10\/IMG_6918-1024x683.jpg 1024w, https:\/\/soprintendenzaluccaemassacarrara.cultura.gov.it\/wp-content\/uploads\/2024\/10\/IMG_6918-300x200.jpg 300w, https:\/\/soprintendenzaluccaemassacarrara.cultura.gov.it\/wp-content\/uploads\/2024\/10\/IMG_6918-768x512.jpg 768w, https:\/\/soprintendenzaluccaemassacarrara.cultura.gov.it\/wp-content\/uploads\/2024\/10\/IMG_6918-1536x1024.jpg 1536w, https:\/\/soprintendenzaluccaemassacarrara.cultura.gov.it\/wp-content\/uploads\/2024\/10\/IMG_6918-2048x1365.jpg 2048w\" sizes=\"auto, (max-width: 1024px) 100vw, 1024px\" \/><\/p>\n","protected":false},"excerpt":{"rendered":"<p>Nel 2019, dopo una segnalazione da parte dell\u2019associazione \u201cLucchio Ambiente\u201d di alcune ossa umane all\u2019interno della Rocca di Lucchio, la Soprintendenza Archeologia, Belle Arti e Paesaggio per le province di Lucca e Massa Carrara ha effettuato un primo sopralluogo al sito, a esito del quale si \u00e8 deciso di procedere con alcuni sondaggi archeologici in collaborazione con il Dipartimento di Civilt\u00e0 e Forme del Sapere dell\u2019Universit\u00e0 di Pisa.<\/p>\n","protected":false},"author":1,"featured_media":1378,"comment_status":"closed","ping_status":"closed","sticky":false,"template":"","format":"standard","meta":{"iawp_total_views":297,"footnotes":""},"categories":[1,15],"tags":[],"class_list":["post-1377","post","type-post","status-publish","format-standard","has-post-thumbnail","hentry","category-news","category-rocca-di-lucchio"],"_links":{"self":[{"href":"https:\/\/soprintendenzaluccaemassacarrara.cultura.gov.it\/index.php?rest_route=\/wp\/v2\/posts\/1377","targetHints":{"allow":["GET"]}}],"collection":[{"href":"https:\/\/soprintendenzaluccaemassacarrara.cultura.gov.it\/index.php?rest_route=\/wp\/v2\/posts"}],"about":[{"href":"https:\/\/soprintendenzaluccaemassacarrara.cultura.gov.it\/index.php?rest_route=\/wp\/v2\/types\/post"}],"author":[{"embeddable":true,"href":"https:\/\/soprintendenzaluccaemassacarrara.cultura.gov.it\/index.php?rest_route=\/wp\/v2\/users\/1"}],"replies":[{"embeddable":true,"href":"https:\/\/soprintendenzaluccaemassacarrara.cultura.gov.it\/index.php?rest_route=%2Fwp%2Fv2%2Fcomments&post=1377"}],"version-history":[{"count":2,"href":"https:\/\/soprintendenzaluccaemassacarrara.cultura.gov.it\/index.php?rest_route=\/wp\/v2\/posts\/1377\/revisions"}],"predecessor-version":[{"id":1383,"href":"https:\/\/soprintendenzaluccaemassacarrara.cultura.gov.it\/index.php?rest_route=\/wp\/v2\/posts\/1377\/revisions\/1383"}],"wp:featuredmedia":[{"embeddable":true,"href":"https:\/\/soprintendenzaluccaemassacarrara.cultura.gov.it\/index.php?rest_route=\/wp\/v2\/media\/1378"}],"wp:attachment":[{"href":"https:\/\/soprintendenzaluccaemassacarrara.cultura.gov.it\/index.php?rest_route=%2Fwp%2Fv2%2Fmedia&parent=1377"}],"wp:term":[{"taxonomy":"category","embeddable":true,"href":"https:\/\/soprintendenzaluccaemassacarrara.cultura.gov.it\/index.php?rest_route=%2Fwp%2Fv2%2Fcategories&post=1377"},{"taxonomy":"post_tag","embeddable":true,"href":"https:\/\/soprintendenzaluccaemassacarrara.cultura.gov.it\/index.php?rest_route=%2Fwp%2Fv2%2Ftags&post=1377"}],"curies":[{"name":"wp","href":"https:\/\/api.w.org\/{rel}","templated":true}]}}