{"id":1387,"date":"2024-11-20T15:14:04","date_gmt":"2024-11-20T14:14:04","guid":{"rendered":"https:\/\/soprintendenzaluccaemassacarrara.cultura.gov.it\/?p=1387"},"modified":"2025-05-22T11:48:54","modified_gmt":"2025-05-22T09:48:54","slug":"lucchio-abitato","status":"publish","type":"post","link":"https:\/\/soprintendenzaluccaemassacarrara.cultura.gov.it\/?p=1387","title":{"rendered":"Lucchio Abitato"},"content":{"rendered":"<p><img loading=\"lazy\" decoding=\"async\" class=\"aligncenter wp-image-1391 size-full\" src=\"http:\/\/soprintendenzaluccaemassacarrara.cultura.gov.it\/wp-content\/uploads\/2024\/11\/Lucchio-1.jpg\" alt=\"\" width=\"1920\" height=\"1080\" srcset=\"https:\/\/soprintendenzaluccaemassacarrara.cultura.gov.it\/wp-content\/uploads\/2024\/11\/Lucchio-1.jpg 1920w, https:\/\/soprintendenzaluccaemassacarrara.cultura.gov.it\/wp-content\/uploads\/2024\/11\/Lucchio-1-300x169.jpg 300w, https:\/\/soprintendenzaluccaemassacarrara.cultura.gov.it\/wp-content\/uploads\/2024\/11\/Lucchio-1-1024x576.jpg 1024w, https:\/\/soprintendenzaluccaemassacarrara.cultura.gov.it\/wp-content\/uploads\/2024\/11\/Lucchio-1-768x432.jpg 768w, https:\/\/soprintendenzaluccaemassacarrara.cultura.gov.it\/wp-content\/uploads\/2024\/11\/Lucchio-1-1536x864.jpg 1536w\" sizes=\"auto, (max-width: 1920px) 100vw, 1920px\" \/><\/p>\n<p>&nbsp;<\/p>\n<p>Durante lo scavo archeologico del 2019, effettuato dalla Soprintendenza Archeologia, Belle Arti e Paesaggio per le province di Lucca e Massa Carrara in collaborazione con il Dipartimento di Civilt\u00e0 e Forme del Sapere dell\u2019universit\u00e0 di Pisa, \u00e8 stato eseguito uno studio sull\u2019abitato che circonda la Rocca di Lucchio.<\/p>\n<p><img loading=\"lazy\" decoding=\"async\" class=\"aligncenter wp-image-1390 size-full\" src=\"http:\/\/soprintendenzaluccaemassacarrara.cultura.gov.it\/wp-content\/uploads\/2024\/11\/portali.png\" alt=\"\" width=\"510\" height=\"541\" srcset=\"https:\/\/soprintendenzaluccaemassacarrara.cultura.gov.it\/wp-content\/uploads\/2024\/11\/portali.png 510w, https:\/\/soprintendenzaluccaemassacarrara.cultura.gov.it\/wp-content\/uploads\/2024\/11\/portali-283x300.png 283w\" sizes=\"auto, (max-width: 510px) 100vw, 510px\" \/><\/p>\n<p>Grazie alla mappatura degli elementi architettonici, con particolare attenzione ai portali, gli studiosi hanno delineato una cronotipologia degli edifici, disponendo le caratteristiche su una linea del tempo. Sono stati trovati diversi portali databili al tardo medioevo (XV secolo) soprattutto nei pressi della chiesa duecentesca. La maggior parte dei portali per\u00f2 \u00e8 di et\u00e0 moderna (dal XVII secolo in poi) e attestano lo sviluppo dell\u2019insediamento in un nucleo secondario lungo il versante sud-ovest.<\/p>\n<p>Questo studio ha messo in evidenza una forte resilienza dell\u2019abitato moderno, in particolare fra Cinquecento e Seicento, con un dispendio non indifferente di risorse. Questo dato per\u00f2 \u00e8 in apparente contraddizione con la letteratura che ci descrive la zona come povera e devastata dalla peste.<\/p>\n<p><img loading=\"lazy\" decoding=\"async\" class=\"aligncenter wp-image-1389 size-full\" src=\"http:\/\/soprintendenzaluccaemassacarrara.cultura.gov.it\/wp-content\/uploads\/2024\/11\/IMG_3507-scaled.jpg\" alt=\"\" width=\"1707\" height=\"2560\" srcset=\"https:\/\/soprintendenzaluccaemassacarrara.cultura.gov.it\/wp-content\/uploads\/2024\/11\/IMG_3507-scaled.jpg 1707w, https:\/\/soprintendenzaluccaemassacarrara.cultura.gov.it\/wp-content\/uploads\/2024\/11\/IMG_3507-200x300.jpg 200w, https:\/\/soprintendenzaluccaemassacarrara.cultura.gov.it\/wp-content\/uploads\/2024\/11\/IMG_3507-683x1024.jpg 683w, https:\/\/soprintendenzaluccaemassacarrara.cultura.gov.it\/wp-content\/uploads\/2024\/11\/IMG_3507-768x1152.jpg 768w, https:\/\/soprintendenzaluccaemassacarrara.cultura.gov.it\/wp-content\/uploads\/2024\/11\/IMG_3507-1024x1536.jpg 1024w, https:\/\/soprintendenzaluccaemassacarrara.cultura.gov.it\/wp-content\/uploads\/2024\/11\/IMG_3507-1365x2048.jpg 1365w\" sizes=\"auto, (max-width: 1707px) 100vw, 1707px\" \/><\/p>\n<p>Un altro elemento che pone diversi dubbi riguarda la scarsit\u00e0 di edifici dell\u2019Alto Medioevo, in quanto Lucchio ha avuto la sua massima importanza proprio durante questo periodo. Tuttavia, analizzando le costruzioni nei pressi della chiesa, si nota che nella porzione inferiore delle murature sono visibili filari di pietre risalenti proprio al medioevo: forse quello che rimane dopo i crolli dovuti a terremoti nell\u2019appennino modenese, secondo quanto ipotizzato dagli archeologi. Le case sarebbero poi state ricostruite nei secoli successivi sui resti dei quelle precedenti.<\/p>\n<p>A cura di Federica Perrotta, con il contributo della Dott.ssa Letizia Chiti (supervisione Funzionario archeologo Neva Chiarenza).<\/p>\n<p><img loading=\"lazy\" decoding=\"async\" class=\"aligncenter wp-image-1388 size-full\" src=\"http:\/\/soprintendenzaluccaemassacarrara.cultura.gov.it\/wp-content\/uploads\/2024\/11\/Lucchio-8.jpg\" alt=\"\" width=\"2048\" height=\"1511\" srcset=\"https:\/\/soprintendenzaluccaemassacarrara.cultura.gov.it\/wp-content\/uploads\/2024\/11\/Lucchio-8.jpg 2048w, https:\/\/soprintendenzaluccaemassacarrara.cultura.gov.it\/wp-content\/uploads\/2024\/11\/Lucchio-8-300x221.jpg 300w, https:\/\/soprintendenzaluccaemassacarrara.cultura.gov.it\/wp-content\/uploads\/2024\/11\/Lucchio-8-1024x756.jpg 1024w, https:\/\/soprintendenzaluccaemassacarrara.cultura.gov.it\/wp-content\/uploads\/2024\/11\/Lucchio-8-768x567.jpg 768w, https:\/\/soprintendenzaluccaemassacarrara.cultura.gov.it\/wp-content\/uploads\/2024\/11\/Lucchio-8-1536x1133.jpg 1536w\" sizes=\"auto, (max-width: 2048px) 100vw, 2048px\" \/><\/p>\n","protected":false},"excerpt":{"rendered":"<p>&nbsp; Durante lo scavo archeologico del 2019, effettuato dalla Soprintendenza Archeologia, Belle Arti e Paesaggio per le province di Lucca e Massa Carrara in collaborazione con il Dipartimento di Civilt\u00e0 e Forme del Sapere dell\u2019universit\u00e0 di Pisa, \u00e8 stato eseguito uno studio sull\u2019abitato che circonda la Rocca di Lucchio.<\/p>\n","protected":false},"author":1,"featured_media":1392,"comment_status":"closed","ping_status":"closed","sticky":false,"template":"","format":"standard","meta":{"iawp_total_views":216,"footnotes":""},"categories":[1,15],"tags":[],"class_list":["post-1387","post","type-post","status-publish","format-standard","has-post-thumbnail","hentry","category-news","category-rocca-di-lucchio"],"_links":{"self":[{"href":"https:\/\/soprintendenzaluccaemassacarrara.cultura.gov.it\/index.php?rest_route=\/wp\/v2\/posts\/1387","targetHints":{"allow":["GET"]}}],"collection":[{"href":"https:\/\/soprintendenzaluccaemassacarrara.cultura.gov.it\/index.php?rest_route=\/wp\/v2\/posts"}],"about":[{"href":"https:\/\/soprintendenzaluccaemassacarrara.cultura.gov.it\/index.php?rest_route=\/wp\/v2\/types\/post"}],"author":[{"embeddable":true,"href":"https:\/\/soprintendenzaluccaemassacarrara.cultura.gov.it\/index.php?rest_route=\/wp\/v2\/users\/1"}],"replies":[{"embeddable":true,"href":"https:\/\/soprintendenzaluccaemassacarrara.cultura.gov.it\/index.php?rest_route=%2Fwp%2Fv2%2Fcomments&post=1387"}],"version-history":[{"count":4,"href":"https:\/\/soprintendenzaluccaemassacarrara.cultura.gov.it\/index.php?rest_route=\/wp\/v2\/posts\/1387\/revisions"}],"predecessor-version":[{"id":1396,"href":"https:\/\/soprintendenzaluccaemassacarrara.cultura.gov.it\/index.php?rest_route=\/wp\/v2\/posts\/1387\/revisions\/1396"}],"wp:featuredmedia":[{"embeddable":true,"href":"https:\/\/soprintendenzaluccaemassacarrara.cultura.gov.it\/index.php?rest_route=\/wp\/v2\/media\/1392"}],"wp:attachment":[{"href":"https:\/\/soprintendenzaluccaemassacarrara.cultura.gov.it\/index.php?rest_route=%2Fwp%2Fv2%2Fmedia&parent=1387"}],"wp:term":[{"taxonomy":"category","embeddable":true,"href":"https:\/\/soprintendenzaluccaemassacarrara.cultura.gov.it\/index.php?rest_route=%2Fwp%2Fv2%2Fcategories&post=1387"},{"taxonomy":"post_tag","embeddable":true,"href":"https:\/\/soprintendenzaluccaemassacarrara.cultura.gov.it\/index.php?rest_route=%2Fwp%2Fv2%2Ftags&post=1387"}],"curies":[{"name":"wp","href":"https:\/\/api.w.org\/{rel}","templated":true}]}}