{"id":1413,"date":"2024-12-04T14:45:09","date_gmt":"2024-12-04T13:45:09","guid":{"rendered":"https:\/\/soprintendenzaluccaemassacarrara.cultura.gov.it\/?p=1413"},"modified":"2025-05-22T11:53:08","modified_gmt":"2025-05-22T09:53:08","slug":"100-fattorie-romane-laboratori-didattici-e-visite-guidate-a-tema-archeologico-e-naturalistico","status":"publish","type":"post","link":"https:\/\/soprintendenzaluccaemassacarrara.cultura.gov.it\/?p=1413","title":{"rendered":"100 FATTORIE ROMANE, laboratori didattici e visite guidate a tema archeologico e naturalistico"},"content":{"rendered":"<p>&nbsp;<\/p>\n<p><strong>Porcari: si torna a parlare delle 100 Fattorie Romane. <\/strong><strong>Al via un programma di laboratori didattici e visite guidate a tema archeologico e naturalistico<\/strong><\/p>\n<p>Il progetto realizzato dalla Soprintendenza Archeologia Belle Arti e Paesaggio per le province di Lucca e Massa Carrara, in collaborazione con Comune di Porcari, Oasi Lipu Massaciuccoli &#8211; Riserva naturale del Chiarone e Ark\u00e9 Archeologia Sperimentale, riporta in vita le \u201c100 Fattorie Romane\u201d, nel bacino dell\u2019ex Lago di Sesto, continua con l\u2019offerta di un programma di laboratori didattici e visite tematiche gratuite. Passeggiando lungo il percorso delle 100 fattorie romane ci si immerge in un ambiente non sconvolto dall\u2019urbanizzazione e, anzi, caratterizzato dall\u2019eccellente stato di conservazione di siti archeologici millenari, alcuni dei quali ancora visibili e valorizzati. Dopo pochi minuti di cammino ci si immerge nei suoni e nei colori della natura e dei campi coltivati: un esempio ormai raro di come il lavoro dell\u2019uomo e la vita selvatica possano convivere vantaggiosamente.<\/p>\n<p><img loading=\"lazy\" decoding=\"async\" class=\"aligncenter wp-image-1414 size-full\" src=\"http:\/\/soprintendenzaluccaemassacarrara.cultura.gov.it\/wp-content\/uploads\/2024\/12\/IMG-20240923-WA0018-scaled.jpg\" alt=\"\" width=\"1442\" height=\"2560\" srcset=\"https:\/\/soprintendenzaluccaemassacarrara.cultura.gov.it\/wp-content\/uploads\/2024\/12\/IMG-20240923-WA0018-scaled.jpg 1442w, https:\/\/soprintendenzaluccaemassacarrara.cultura.gov.it\/wp-content\/uploads\/2024\/12\/IMG-20240923-WA0018-169x300.jpg 169w, https:\/\/soprintendenzaluccaemassacarrara.cultura.gov.it\/wp-content\/uploads\/2024\/12\/IMG-20240923-WA0018-577x1024.jpg 577w, https:\/\/soprintendenzaluccaemassacarrara.cultura.gov.it\/wp-content\/uploads\/2024\/12\/IMG-20240923-WA0018-768x1364.jpg 768w, https:\/\/soprintendenzaluccaemassacarrara.cultura.gov.it\/wp-content\/uploads\/2024\/12\/IMG-20240923-WA0018-865x1536.jpg 865w, https:\/\/soprintendenzaluccaemassacarrara.cultura.gov.it\/wp-content\/uploads\/2024\/12\/IMG-20240923-WA0018-1153x2048.jpg 1153w\" sizes=\"auto, (max-width: 1442px) 100vw, 1442px\" \/><\/p>\n<p>&nbsp;<\/p>\n<p>I pannelli, completamente rinnovati nei contenuti e nella concezione, accompagnano il visitatore con testi, immagini e QRcode di approfondimento, distribuiti lungo il Rogio, su circa 3 chilometri di cammino fra campi coltivati, boschetti e i resti murari di due fattorie romane, spaziando dal <em>birdwatching<\/em> all\u2019archeologia. Un importante lavoro di pulitura del verde e di manutenzione dei sentieri \u00e8 stato attuato dal Comune di Porcari, mentre il restauro dei resti romani \u00e8 stato effettuato dalla ditta Piacenti Restauri su incarico della Soprintendenza.<\/p>\n<p>&nbsp;<\/p>\n<p><img loading=\"lazy\" decoding=\"async\" class=\"aligncenter wp-image-1416 size-full\" src=\"http:\/\/soprintendenzaluccaemassacarrara.cultura.gov.it\/wp-content\/uploads\/2024\/12\/IMG-20240923-WA0009-scaled.jpg\" alt=\"\" width=\"2560\" height=\"1442\" srcset=\"https:\/\/soprintendenzaluccaemassacarrara.cultura.gov.it\/wp-content\/uploads\/2024\/12\/IMG-20240923-WA0009-scaled.jpg 2560w, https:\/\/soprintendenzaluccaemassacarrara.cultura.gov.it\/wp-content\/uploads\/2024\/12\/IMG-20240923-WA0009-300x169.jpg 300w, https:\/\/soprintendenzaluccaemassacarrara.cultura.gov.it\/wp-content\/uploads\/2024\/12\/IMG-20240923-WA0009-1024x577.jpg 1024w, https:\/\/soprintendenzaluccaemassacarrara.cultura.gov.it\/wp-content\/uploads\/2024\/12\/IMG-20240923-WA0009-768x432.jpg 768w, https:\/\/soprintendenzaluccaemassacarrara.cultura.gov.it\/wp-content\/uploads\/2024\/12\/IMG-20240923-WA0009-1536x865.jpg 1536w, https:\/\/soprintendenzaluccaemassacarrara.cultura.gov.it\/wp-content\/uploads\/2024\/12\/IMG-20240923-WA0009-2048x1153.jpg 2048w\" sizes=\"auto, (max-width: 2560px) 100vw, 2560px\" \/><\/p>\n<p>&nbsp;<\/p>\n<p>Il percorso \u00e8 liberamente accessibile, sono solo necessari scarpe adatte ad una passeggiata campestre e rispetto per l\u2019ambiente e i resti archeologici. L&#8217;accesso \u00e8 su via del Rogio, in localit\u00e0 Fossa Nera. Fino alla primavera \u00e8 inoltre disponibile un \u201cpacchetto\u201d di laboratori didattici e di visite a tema archeologico e naturalistico, prenotabili gratuitamente a questi contatti: <a href=\"mailto:info@arkearcheologiasperimentale.it\">info@arkearcheologiasperimentale.it<\/a>, <a href=\"mailto:martabruschini@outlook.it\">martabruschini@outlook.it<\/a>. Si consiglia di prenotare per tempo, poich\u00e9 il numero di visite e laboratori fruibile in questa modalit\u00e0 \u00e8 limitato. Questa offerta vuole essere un invito a riappropriarsi di uno spazio ricco di biodiversit\u00e0 e di memoria, gi\u00e0 tutelato grazie al vincolo paesaggistico e ai vincoli archeologici, ma che ha bisogno di essere protetto e conosciuto dalle persone che lo frequentano, per poter preservare al meglio l\u2019identit\u00e0 culturale della comunit\u00e0 a cui appartiene. La Soprintendenza e il Comune di Porcari ringraziano per la collaborazione il dottor Michelangelo Zecchini, la ditta Piacenti Restauri SpA, il signor Marco Ninci, l\u2019Ufficio Vincoli della Soprintendenza, l\u2019Ufficio Lavori Pubblici del Comune di Porcari. Infine ringraziano, per le celeri risposte e le autorizzazioni, il Settore Genio Civile Valdarno Inferiore, l\u2019Archivio Storico di Lucca e l\u2019Archivio Storico di Pisa.<\/p>\n<p>&nbsp;<\/p>\n","protected":false},"excerpt":{"rendered":"<p>&nbsp; Porcari: si torna a parlare delle 100 Fattorie Romane.<\/p>\n","protected":false},"author":1,"featured_media":1261,"comment_status":"closed","ping_status":"closed","sticky":false,"template":"","format":"standard","meta":{"iawp_total_views":51,"footnotes":""},"categories":[14,1],"tags":[],"class_list":["post-1413","post","type-post","status-publish","format-standard","has-post-thumbnail","hentry","category-100-fattorie-romane","category-news"],"_links":{"self":[{"href":"https:\/\/soprintendenzaluccaemassacarrara.cultura.gov.it\/index.php?rest_route=\/wp\/v2\/posts\/1413","targetHints":{"allow":["GET"]}}],"collection":[{"href":"https:\/\/soprintendenzaluccaemassacarrara.cultura.gov.it\/index.php?rest_route=\/wp\/v2\/posts"}],"about":[{"href":"https:\/\/soprintendenzaluccaemassacarrara.cultura.gov.it\/index.php?rest_route=\/wp\/v2\/types\/post"}],"author":[{"embeddable":true,"href":"https:\/\/soprintendenzaluccaemassacarrara.cultura.gov.it\/index.php?rest_route=\/wp\/v2\/users\/1"}],"replies":[{"embeddable":true,"href":"https:\/\/soprintendenzaluccaemassacarrara.cultura.gov.it\/index.php?rest_route=%2Fwp%2Fv2%2Fcomments&post=1413"}],"version-history":[{"count":2,"href":"https:\/\/soprintendenzaluccaemassacarrara.cultura.gov.it\/index.php?rest_route=\/wp\/v2\/posts\/1413\/revisions"}],"predecessor-version":[{"id":1418,"href":"https:\/\/soprintendenzaluccaemassacarrara.cultura.gov.it\/index.php?rest_route=\/wp\/v2\/posts\/1413\/revisions\/1418"}],"wp:featuredmedia":[{"embeddable":true,"href":"https:\/\/soprintendenzaluccaemassacarrara.cultura.gov.it\/index.php?rest_route=\/wp\/v2\/media\/1261"}],"wp:attachment":[{"href":"https:\/\/soprintendenzaluccaemassacarrara.cultura.gov.it\/index.php?rest_route=%2Fwp%2Fv2%2Fmedia&parent=1413"}],"wp:term":[{"taxonomy":"category","embeddable":true,"href":"https:\/\/soprintendenzaluccaemassacarrara.cultura.gov.it\/index.php?rest_route=%2Fwp%2Fv2%2Fcategories&post=1413"},{"taxonomy":"post_tag","embeddable":true,"href":"https:\/\/soprintendenzaluccaemassacarrara.cultura.gov.it\/index.php?rest_route=%2Fwp%2Fv2%2Ftags&post=1413"}],"curies":[{"name":"wp","href":"https:\/\/api.w.org\/{rel}","templated":true}]}}